{"id":2412,"date":"2022-02-09T07:26:09","date_gmt":"2022-02-09T06:26:09","guid":{"rendered":"https:\/\/winsider.sk\/?p=2412"},"modified":"2022-02-09T07:39:17","modified_gmt":"2022-02-09T06:39:17","slug":"zuckerberg-verzus-europa-sef-facebooku-zvadza-ostry-boj-o-uzivatelske-data-aj-kvoli-projektu-metaverse","status":"publish","type":"post","link":"https:\/\/winsider.sk\/index.php\/2022\/02\/09\/zuckerberg-verzus-europa-sef-facebooku-zvadza-ostry-boj-o-uzivatelske-data-aj-kvoli-projektu-metaverse\/","title":{"rendered":"Zuckerberg verzus Eur\u00f3pa. \u0160\u00e9f Facebooku zv\u00e1dza ostr\u00fd boj o u\u017eivate\u013esk\u00e9 d\u00e1ta aj kv\u00f4li projektu Metaverse"},"content":{"rendered":"\n<p class=\"has-drop-cap dropcapp\"><strong>U\u017e o nieko\u013eko mesiacov m\u00f4\u017eu Eur\u00f3pania pr\u00eds\u0165 o Facebook a Instagram, ak Eur\u00f3pska \u00fania (E\u00da) neust\u00fapi \u0161\u00e9fovi Meta Platforms Markovi Zuckerbergovi a bude na\u010falej zakazova\u0165 odosielanie \u00fadajov pou\u017e\u00edvate\u013eov na americk\u00e9 servery, p\u00ed\u0161e <a href=\"https:\/\/www.novinky.cz\/internet-a-pc\/clanek\/nejde-jen-o-facebook-zuckerberg-svadi-boj-o-uzivatelska-data-i-kvuli-metaversu-40386464\">\u010desk\u00fd port\u00e1l novinky.cz<\/a>. Zakladate\u013e Facebooku bojuje nielen o s\u00fa\u010dasn\u00e9 slu\u017eby, ale aj o nov\u00e9ho n\u00e1stupcu internetu &#8211; Metaverse.<\/strong><\/p>\n\n\n\n<p>\u00dadaje pou\u017e\u00edvate\u013eov s\u00fa hlavn\u00fdm zdrojom pr\u00edjmov spolo\u010dnosti. S\u00fa to \u00fadaje, ktor\u00e9 umo\u017e\u0148uj\u00fa Facebooku, Instagramu a \u010fal\u0161\u00edm slu\u017eb\u00e1m sledova\u0165 spr\u00e1vanie \u013eud\u00ed na internete a cieli\u0165 na nich reklamy inzerentov. K\u013e\u00fa\u010dov\u00fa \u00falohu v Metaverse, ktor\u00fd sa opisuje ako &#8222;pokro\u010dilej\u0161ia verzia internetu&#8220;, bud\u00fa zohr\u00e1va\u0165 najm\u00e4 \u00fadaje. V podstate p\u00f4jde o virtu\u00e1lny vesm\u00edr, v ktorom sa \u013eudia bud\u00fa stret\u00e1va\u0165, aj ke\u010f sa nach\u00e1dzaj\u00fa na druhej strane plan\u00e9ty. Nov\u00fd virtu\u00e1lny priestor sa bude vyu\u017e\u00edva\u0165 aj na prezent\u00e1ciu produktov a slu\u017eieb alebo na hranie hier, uv\u00e1dza na \u00favod port\u00e1l novinky.cz.<\/p>\n\n\n\n<figure class=\"wp-block-image size-large is-resized\"><img loading=\"lazy\" src=\"https:\/\/winsider.sk\/wp-content\/uploads\/2022\/02\/Meta-3-1024x683.jpg\" alt=\"\" class=\"wp-image-2413\" width=\"1070\" height=\"715\" srcset=\"https:\/\/winsider.sk\/wp-content\/uploads\/2022\/02\/Meta-3-1024x683.jpg 1024w, https:\/\/winsider.sk\/wp-content\/uploads\/2022\/02\/Meta-3-300x200.jpg 300w, https:\/\/winsider.sk\/wp-content\/uploads\/2022\/02\/Meta-3-768x512.jpg 768w, https:\/\/winsider.sk\/wp-content\/uploads\/2022\/02\/Meta-3-150x100.jpg 150w, https:\/\/winsider.sk\/wp-content\/uploads\/2022\/02\/Meta-3-696x464.jpg 696w, https:\/\/winsider.sk\/wp-content\/uploads\/2022\/02\/Meta-3-630x420.jpg 630w\" sizes=\"(max-width: 1070px) 100vw, 1070px\" \/><figcaption>ZDROJ: theverge.com<\/figcaption><\/figure>\n\n\n\n<p>Zuckerberg cel\u00e9mu projektu ver\u00ed nato\u013eko, \u017ee minul\u00fd rok dokonca premenoval svoju spolo\u010dnos\u0165 Facebook na Meta Platforms &#8211; rovnako ako virtu\u00e1lny vesm\u00edr. Minul\u00fd rok spolo\u010dnos\u0165 spustila aj rozsiahlu n\u00e1borov\u00fa kampa\u0148 s cie\u013eom zamestna\u0165 10 000 \u013eud\u00ed v krajin\u00e1ch Eur\u00f3pskej \u00fanie, ktor\u00ed bud\u00fa pracova\u0165 na Metaverse.<\/p>\n\n\n\n<p><strong>Kontrola nad digit\u00e1lnym zlatom<\/strong><\/p>\n\n\n\n<p>Ako \u010falej uv\u00e1dzaj\u00fa<a href=\"https:\/\/www.novinky.cz\/internet-a-pc\/clanek\/nejde-jen-o-facebook-zuckerberg-svadi-boj-o-uzivatelska-data-i-kvuli-metaversu-40386464\"> novinky.cz<\/a>, Zuckerberg chce ma\u0165 \u00fapln\u00fa kontrolu nad svoj\u00edm &#8222;digit\u00e1lnym zlatom&#8220; v podobe \u00fadajov pou\u017e\u00edvate\u013eov, \u010do m\u00f4\u017ee by\u0165 v inej krajine ve\u013emi problematick\u00e9, aj ke\u010f ide o demokratick\u00e9 krajiny v Eur\u00f3pe. E\u00da sa u\u017e dlho usiluje o \u010do najtransparentnej\u0161ie pravidl\u00e1 ochrany \u00fadajov, a preto bolo v polovici roka 2018 prijat\u00e9 v\u0161eobecn\u00e9 nariadenie o ochrane \u00fadajov zn\u00e1me ako GDPR.<\/p>\n\n\n\n<p>Odosielanie \u00fadajov eur\u00f3pskych pou\u017e\u00edvate\u013eov do USA je v rozpore s GDPR. S\u00fadny dvor Eur\u00f3pskej \u00fanie u\u017e v j\u00fali 2020 zru\u0161il platnos\u0165 dohody medzi E\u00da a Spojen\u00fdmi \u0161t\u00e1tmi, na z\u00e1klade ktorej mohli spolo\u010dnosti pren\u00e1\u0161a\u0165 osobn\u00e9 \u00fadaje eur\u00f3pskych pou\u017e\u00edvate\u013eov do Spojen\u00fdch \u0161t\u00e1tov. To sa, samozrejme, net\u00fdka len platforiem Meta, ale aj in\u00fdch spolo\u010dnost\u00ed, ktor\u00e9 pracuj\u00fa s \u00fadajmi eur\u00f3pskych pou\u017e\u00edvate\u013eov mimo n\u00e1\u0161ho kontinentu. Hlavn\u00fd d\u00f4vod, pre\u010do Zuckerberg hroz\u00ed odchodom z Eur\u00f3py, je teda zrejm\u00fd, analyzuje <a href=\"https:\/\/www.novinky.cz\/internet-a-pc\/clanek\/nejde-jen-o-facebook-zuckerberg-svadi-boj-o-uzivatelska-data-i-kvuli-metaversu-40386464\">port\u00e1l novinky.cz<\/a>.<\/p>\n\n\n\n<figure class=\"wp-block-image size-large is-resized\"><img loading=\"lazy\" src=\"https:\/\/winsider.sk\/wp-content\/uploads\/2022\/02\/Meta-1-1024x644.jpg\" alt=\"\" class=\"wp-image-2414\" width=\"1068\" height=\"673\" srcset=\"https:\/\/winsider.sk\/wp-content\/uploads\/2022\/02\/Meta-1-1024x644.jpg 1024w, https:\/\/winsider.sk\/wp-content\/uploads\/2022\/02\/Meta-1-300x189.jpg 300w, https:\/\/winsider.sk\/wp-content\/uploads\/2022\/02\/Meta-1-768x483.jpg 768w, https:\/\/winsider.sk\/wp-content\/uploads\/2022\/02\/Meta-1-1536x966.jpg 1536w, https:\/\/winsider.sk\/wp-content\/uploads\/2022\/02\/Meta-1-2048x1288.jpg 2048w, https:\/\/winsider.sk\/wp-content\/uploads\/2022\/02\/Meta-1-150x94.jpg 150w, https:\/\/winsider.sk\/wp-content\/uploads\/2022\/02\/Meta-1-696x438.jpg 696w, https:\/\/winsider.sk\/wp-content\/uploads\/2022\/02\/Meta-1-1068x672.jpg 1068w, https:\/\/winsider.sk\/wp-content\/uploads\/2022\/02\/Meta-1-1920x1208.jpg 1920w, https:\/\/winsider.sk\/wp-content\/uploads\/2022\/02\/Meta-1-668x420.jpg 668w\" sizes=\"(max-width: 1068px) 100vw, 1068px\" \/><figcaption>ZDROJ: shutterstock.com<\/figcaption><\/figure>\n\n\n\n<p>&#8222;<em>Pokia\u013e nebude prijat\u00fd nov\u00fd transatlantick\u00fd r\u00e1mec pre prenos \u00fadajov a my sa nebudeme m\u00f4c\u0165 na\u010falej spolieha\u0165 na \u0161tandardn\u00e9 zmluvn\u00e9 dolo\u017eky alebo in\u00e9 alternat\u00edvne sp\u00f4soby prenosu \u00fadajov z Eur\u00f3py do Spojen\u00fdch \u0161t\u00e1tov, pravdepodobne nebudeme m\u00f4c\u0165 pon\u00faka\u0165 mnoh\u00e9 z na\u0161ich najd\u00f4le\u017eitej\u0161\u00edch produktov a slu\u017eieb v Eur\u00f3pe vr\u00e1tane slu\u017eieb Facebook a Instagram<\/em>,&#8220; uv\u00e1dza sa v zverejnenej spr\u00e1ve spolo\u010dnosti Meta Platforms pre americk\u00fa Komisiu pre cenn\u00e9 papiere a burzy.<\/p>\n\n\n\n<p><strong>Ot\u00e1zkou s\u00fa aj \u010fal\u0161ie slu\u017eby<\/strong><\/p>\n\n\n\n<p>Nejde len o spom\u00ednan\u00fd Facebook a Instagram. Do portf\u00f3lia Meta Platforms patr\u00ed aj popul\u00e1rna komunika\u010dn\u00e1 slu\u017eba WhatsApp, online datab\u00e1za pohybliv\u00fdch obr\u00e1zkov Giphy a slu\u017eby v\u00fdrobcu virtu\u00e1lnych heliem Oculus, ktor\u00e9 zah\u0155\u0148aj\u00fa aj obchod s aplik\u00e1ciami a hrami. A samozrejme spom\u00ednan\u00e9 Metaverse, v ktorom bud\u00fa \u00fadaje pou\u017e\u00edvate\u013eov minim\u00e1lne rovnako d\u00f4le\u017eit\u00e9 ako v s\u00fa\u010dasnosti v pr\u00edpade Facebooku.<\/p>\n\n\n\n<p>Osud slu\u017eieb Meta Platforms v Eur\u00f3pe by mal by\u0165 jasn\u00fd v priebehu nieko\u013ek\u00fdch mesiacov, uzatv\u00e1ra <a href=\"https:\/\/www.novinky.cz\/internet-a-pc\/clanek\/nejde-jen-o-facebook-zuckerberg-svadi-boj-o-uzivatelska-data-i-kvuli-metaversu-40386464\">port\u00e1l novinky.cz<\/a><\/p>\n","protected":false},"excerpt":{"rendered":"<p>U\u017e o nieko\u013eko mesiacov m\u00f4\u017eu Eur\u00f3pania pr\u00eds\u0165 o Facebook a Instagram, ak Eur\u00f3pska \u00fania (E\u00da) neust\u00fapi \u0161\u00e9fovi Meta Platforms Markovi Zuckerbergovi a bude na\u010falej zakazova\u0165 odosielanie \u00fadajov pou\u017e\u00edvate\u013eov na americk\u00e9 servery, p\u00ed\u0161e \u010desk\u00fd port\u00e1l novinky.cz. Zakladate\u013e Facebooku bojuje nielen o s\u00fa\u010dasn\u00e9 slu\u017eby, ale aj o nov\u00e9ho n\u00e1stupcu internetu &#8211; Metaverse. \u00dadaje pou\u017e\u00edvate\u013eov s\u00fa hlavn\u00fdm zdrojom [&hellip;]<\/p>\n","protected":false},"author":6,"featured_media":2416,"comment_status":"closed","ping_status":"open","sticky":false,"template":"","format":"standard","meta":{"_monsterinsights_skip_tracking":false,"_monsterinsights_sitenote_active":false,"_monsterinsights_sitenote_note":"","_monsterinsights_sitenote_category":0},"categories":[42],"tags":[],"yoast_head":"<!-- This site is optimized with the Yoast SEO plugin v17.3 - https:\/\/yoast.com\/wordpress\/plugins\/seo\/ -->\n<meta name=\"robots\" content=\"index, follow, max-snippet:-1, max-image-preview:large, max-video-preview:-1\" \/>\n<link rel=\"canonical\" href=\"https:\/\/winsider.sk\/index.php\/2022\/02\/09\/zuckerberg-verzus-europa-sef-facebooku-zvadza-ostry-boj-o-uzivatelske-data-aj-kvoli-projektu-metaverse\/\" \/>\n<meta property=\"og:locale\" content=\"sk_SK\" \/>\n<meta property=\"og:type\" content=\"article\" \/>\n<meta property=\"og:title\" content=\"Zuckerberg verzus Eur\u00f3pa. \u0160\u00e9f Facebooku zv\u00e1dza ostr\u00fd boj o u\u017eivate\u013esk\u00e9 d\u00e1ta aj kv\u00f4li projektu Metaverse - ONLINE MAGAZ\u00cdN\" \/>\n<meta property=\"og:description\" content=\"U\u017e o nieko\u013eko mesiacov m\u00f4\u017eu Eur\u00f3pania pr\u00eds\u0165 o Facebook a Instagram, ak Eur\u00f3pska \u00fania (E\u00da) neust\u00fapi \u0161\u00e9fovi Meta Platforms Markovi Zuckerbergovi a bude na\u010falej zakazova\u0165 odosielanie \u00fadajov pou\u017e\u00edvate\u013eov na americk\u00e9 servery, p\u00ed\u0161e \u010desk\u00fd port\u00e1l novinky.cz. Zakladate\u013e Facebooku bojuje nielen o s\u00fa\u010dasn\u00e9 slu\u017eby, ale aj o nov\u00e9ho n\u00e1stupcu internetu &#8211; Metaverse. \u00dadaje pou\u017e\u00edvate\u013eov s\u00fa hlavn\u00fdm zdrojom [&hellip;]\" \/>\n<meta property=\"og:url\" content=\"https:\/\/winsider.sk\/index.php\/2022\/02\/09\/zuckerberg-verzus-europa-sef-facebooku-zvadza-ostry-boj-o-uzivatelske-data-aj-kvoli-projektu-metaverse\/\" \/>\n<meta property=\"og:site_name\" content=\"ONLINE MAGAZ\u00cdN\" \/>\n<meta property=\"article:published_time\" content=\"2022-02-09T06:26:09+00:00\" \/>\n<meta property=\"article:modified_time\" content=\"2022-02-09T06:39:17+00:00\" \/>\n<meta property=\"og:image\" content=\"http:\/\/winsider.sk\/wp-content\/uploads\/2022\/02\/Meta-2-small.jpg\" \/>\n\t<meta property=\"og:image:width\" content=\"1404\" \/>\n\t<meta property=\"og:image:height\" content=\"936\" \/>\n<meta name=\"twitter:card\" content=\"summary_large_image\" \/>\n<meta name=\"twitter:label1\" content=\"Autor:\" \/>\n\t<meta name=\"twitter:data1\" content=\"Redakcia\" \/>\n\t<meta name=\"twitter:label2\" content=\"Predpokladan\u00fd \u010das \u010d\u00edtania\" \/>\n\t<meta name=\"twitter:data2\" content=\"3 min\u00faty\" \/>\n<script type=\"application\/ld+json\" class=\"yoast-schema-graph\">{\"@context\":\"https:\/\/schema.org\",\"@graph\":[{\"@type\":\"WebSite\",\"@id\":\"https:\/\/winsider.sk\/#website\",\"url\":\"https:\/\/winsider.sk\/\",\"name\":\"ONLINE MAGAZ\\u00cdN\",\"description\":\"WINSIDER I ONLINE MAGAZ\\u00cdN\",\"potentialAction\":[{\"@type\":\"SearchAction\",\"target\":{\"@type\":\"EntryPoint\",\"urlTemplate\":\"https:\/\/winsider.sk\/?s={search_term_string}\"},\"query-input\":\"required name=search_term_string\"}],\"inLanguage\":\"sk-SK\"},{\"@type\":\"ImageObject\",\"@id\":\"https:\/\/winsider.sk\/index.php\/2022\/02\/09\/zuckerberg-verzus-europa-sef-facebooku-zvadza-ostry-boj-o-uzivatelske-data-aj-kvoli-projektu-metaverse\/#primaryimage\",\"inLanguage\":\"sk-SK\",\"url\":\"https:\/\/winsider.sk\/wp-content\/uploads\/2022\/02\/Meta-2-small.jpg\",\"contentUrl\":\"https:\/\/winsider.sk\/wp-content\/uploads\/2022\/02\/Meta-2-small.jpg\",\"width\":1404,\"height\":936},{\"@type\":\"WebPage\",\"@id\":\"https:\/\/winsider.sk\/index.php\/2022\/02\/09\/zuckerberg-verzus-europa-sef-facebooku-zvadza-ostry-boj-o-uzivatelske-data-aj-kvoli-projektu-metaverse\/#webpage\",\"url\":\"https:\/\/winsider.sk\/index.php\/2022\/02\/09\/zuckerberg-verzus-europa-sef-facebooku-zvadza-ostry-boj-o-uzivatelske-data-aj-kvoli-projektu-metaverse\/\",\"name\":\"Zuckerberg verzus Eur\\u00f3pa. \\u0160\\u00e9f Facebooku zv\\u00e1dza ostr\\u00fd boj o u\\u017eivate\\u013esk\\u00e9 d\\u00e1ta aj kv\\u00f4li projektu Metaverse - ONLINE MAGAZ\\u00cdN\",\"isPartOf\":{\"@id\":\"https:\/\/winsider.sk\/#website\"},\"primaryImageOfPage\":{\"@id\":\"https:\/\/winsider.sk\/index.php\/2022\/02\/09\/zuckerberg-verzus-europa-sef-facebooku-zvadza-ostry-boj-o-uzivatelske-data-aj-kvoli-projektu-metaverse\/#primaryimage\"},\"datePublished\":\"2022-02-09T06:26:09+00:00\",\"dateModified\":\"2022-02-09T06:39:17+00:00\",\"author\":{\"@id\":\"https:\/\/winsider.sk\/#\/schema\/person\/0fa3b4254e3cb1d9fae26d6a66fdfdbd\"},\"breadcrumb\":{\"@id\":\"https:\/\/winsider.sk\/index.php\/2022\/02\/09\/zuckerberg-verzus-europa-sef-facebooku-zvadza-ostry-boj-o-uzivatelske-data-aj-kvoli-projektu-metaverse\/#breadcrumb\"},\"inLanguage\":\"sk-SK\",\"potentialAction\":[{\"@type\":\"ReadAction\",\"target\":[\"https:\/\/winsider.sk\/index.php\/2022\/02\/09\/zuckerberg-verzus-europa-sef-facebooku-zvadza-ostry-boj-o-uzivatelske-data-aj-kvoli-projektu-metaverse\/\"]}]},{\"@type\":\"BreadcrumbList\",\"@id\":\"https:\/\/winsider.sk\/index.php\/2022\/02\/09\/zuckerberg-verzus-europa-sef-facebooku-zvadza-ostry-boj-o-uzivatelske-data-aj-kvoli-projektu-metaverse\/#breadcrumb\",\"itemListElement\":[{\"@type\":\"ListItem\",\"position\":1,\"name\":\"Home\",\"item\":\"https:\/\/winsider.sk\/\"},{\"@type\":\"ListItem\",\"position\":2,\"name\":\"Zuckerberg verzus Eur\\u00f3pa. \\u0160\\u00e9f Facebooku zv\\u00e1dza ostr\\u00fd boj o u\\u017eivate\\u013esk\\u00e9 d\\u00e1ta aj kv\\u00f4li projektu Metaverse\"}]},{\"@type\":\"Person\",\"@id\":\"https:\/\/winsider.sk\/#\/schema\/person\/0fa3b4254e3cb1d9fae26d6a66fdfdbd\",\"name\":\"Redakcia\",\"image\":{\"@type\":\"ImageObject\",\"@id\":\"https:\/\/winsider.sk\/#personlogo\",\"inLanguage\":\"sk-SK\",\"url\":\"https:\/\/secure.gravatar.com\/avatar\/c5dde3d0454ee94d55e3da129d1b11d4?s=96&d=mm&r=g\",\"contentUrl\":\"https:\/\/secure.gravatar.com\/avatar\/c5dde3d0454ee94d55e3da129d1b11d4?s=96&d=mm&r=g\",\"caption\":\"Redakcia\"},\"sameAs\":[\"winsider.sk\"],\"url\":\"https:\/\/winsider.sk\/index.php\/author\/editor-winsider\/\"}]}<\/script>\n<!-- \/ Yoast SEO plugin. -->","yoast_head_json":{"robots":{"index":"index","follow":"follow","max-snippet":"max-snippet:-1","max-image-preview":"max-image-preview:large","max-video-preview":"max-video-preview:-1"},"canonical":"https:\/\/winsider.sk\/index.php\/2022\/02\/09\/zuckerberg-verzus-europa-sef-facebooku-zvadza-ostry-boj-o-uzivatelske-data-aj-kvoli-projektu-metaverse\/","og_locale":"sk_SK","og_type":"article","og_title":"Zuckerberg verzus Eur\u00f3pa. \u0160\u00e9f Facebooku zv\u00e1dza ostr\u00fd boj o u\u017eivate\u013esk\u00e9 d\u00e1ta aj kv\u00f4li projektu Metaverse - ONLINE MAGAZ\u00cdN","og_description":"U\u017e o nieko\u013eko mesiacov m\u00f4\u017eu Eur\u00f3pania pr\u00eds\u0165 o Facebook a Instagram, ak Eur\u00f3pska \u00fania (E\u00da) neust\u00fapi \u0161\u00e9fovi Meta Platforms Markovi Zuckerbergovi a bude na\u010falej zakazova\u0165 odosielanie \u00fadajov pou\u017e\u00edvate\u013eov na americk\u00e9 servery, p\u00ed\u0161e \u010desk\u00fd port\u00e1l novinky.cz. Zakladate\u013e Facebooku bojuje nielen o s\u00fa\u010dasn\u00e9 slu\u017eby, ale aj o nov\u00e9ho n\u00e1stupcu internetu &#8211; Metaverse. \u00dadaje pou\u017e\u00edvate\u013eov s\u00fa hlavn\u00fdm zdrojom [&hellip;]","og_url":"https:\/\/winsider.sk\/index.php\/2022\/02\/09\/zuckerberg-verzus-europa-sef-facebooku-zvadza-ostry-boj-o-uzivatelske-data-aj-kvoli-projektu-metaverse\/","og_site_name":"ONLINE MAGAZ\u00cdN","article_published_time":"2022-02-09T06:26:09+00:00","article_modified_time":"2022-02-09T06:39:17+00:00","og_image":[{"width":1404,"height":936,"url":"http:\/\/winsider.sk\/wp-content\/uploads\/2022\/02\/Meta-2-small.jpg","type":"image\/jpeg"}],"twitter_card":"summary_large_image","twitter_misc":{"Autor:":"Redakcia","Predpokladan\u00fd \u010das \u010d\u00edtania":"3 min\u00faty"},"schema":{"@context":"https:\/\/schema.org","@graph":[{"@type":"WebSite","@id":"https:\/\/winsider.sk\/#website","url":"https:\/\/winsider.sk\/","name":"ONLINE MAGAZ\u00cdN","description":"WINSIDER I ONLINE MAGAZ\u00cdN","potentialAction":[{"@type":"SearchAction","target":{"@type":"EntryPoint","urlTemplate":"https:\/\/winsider.sk\/?s={search_term_string}"},"query-input":"required name=search_term_string"}],"inLanguage":"sk-SK"},{"@type":"ImageObject","@id":"https:\/\/winsider.sk\/index.php\/2022\/02\/09\/zuckerberg-verzus-europa-sef-facebooku-zvadza-ostry-boj-o-uzivatelske-data-aj-kvoli-projektu-metaverse\/#primaryimage","inLanguage":"sk-SK","url":"https:\/\/winsider.sk\/wp-content\/uploads\/2022\/02\/Meta-2-small.jpg","contentUrl":"https:\/\/winsider.sk\/wp-content\/uploads\/2022\/02\/Meta-2-small.jpg","width":1404,"height":936},{"@type":"WebPage","@id":"https:\/\/winsider.sk\/index.php\/2022\/02\/09\/zuckerberg-verzus-europa-sef-facebooku-zvadza-ostry-boj-o-uzivatelske-data-aj-kvoli-projektu-metaverse\/#webpage","url":"https:\/\/winsider.sk\/index.php\/2022\/02\/09\/zuckerberg-verzus-europa-sef-facebooku-zvadza-ostry-boj-o-uzivatelske-data-aj-kvoli-projektu-metaverse\/","name":"Zuckerberg verzus Eur\u00f3pa. \u0160\u00e9f Facebooku zv\u00e1dza ostr\u00fd boj o u\u017eivate\u013esk\u00e9 d\u00e1ta aj kv\u00f4li projektu Metaverse - ONLINE MAGAZ\u00cdN","isPartOf":{"@id":"https:\/\/winsider.sk\/#website"},"primaryImageOfPage":{"@id":"https:\/\/winsider.sk\/index.php\/2022\/02\/09\/zuckerberg-verzus-europa-sef-facebooku-zvadza-ostry-boj-o-uzivatelske-data-aj-kvoli-projektu-metaverse\/#primaryimage"},"datePublished":"2022-02-09T06:26:09+00:00","dateModified":"2022-02-09T06:39:17+00:00","author":{"@id":"https:\/\/winsider.sk\/#\/schema\/person\/0fa3b4254e3cb1d9fae26d6a66fdfdbd"},"breadcrumb":{"@id":"https:\/\/winsider.sk\/index.php\/2022\/02\/09\/zuckerberg-verzus-europa-sef-facebooku-zvadza-ostry-boj-o-uzivatelske-data-aj-kvoli-projektu-metaverse\/#breadcrumb"},"inLanguage":"sk-SK","potentialAction":[{"@type":"ReadAction","target":["https:\/\/winsider.sk\/index.php\/2022\/02\/09\/zuckerberg-verzus-europa-sef-facebooku-zvadza-ostry-boj-o-uzivatelske-data-aj-kvoli-projektu-metaverse\/"]}]},{"@type":"BreadcrumbList","@id":"https:\/\/winsider.sk\/index.php\/2022\/02\/09\/zuckerberg-verzus-europa-sef-facebooku-zvadza-ostry-boj-o-uzivatelske-data-aj-kvoli-projektu-metaverse\/#breadcrumb","itemListElement":[{"@type":"ListItem","position":1,"name":"Home","item":"https:\/\/winsider.sk\/"},{"@type":"ListItem","position":2,"name":"Zuckerberg verzus Eur\u00f3pa. \u0160\u00e9f Facebooku zv\u00e1dza ostr\u00fd boj o u\u017eivate\u013esk\u00e9 d\u00e1ta aj kv\u00f4li projektu Metaverse"}]},{"@type":"Person","@id":"https:\/\/winsider.sk\/#\/schema\/person\/0fa3b4254e3cb1d9fae26d6a66fdfdbd","name":"Redakcia","image":{"@type":"ImageObject","@id":"https:\/\/winsider.sk\/#personlogo","inLanguage":"sk-SK","url":"https:\/\/secure.gravatar.com\/avatar\/c5dde3d0454ee94d55e3da129d1b11d4?s=96&d=mm&r=g","contentUrl":"https:\/\/secure.gravatar.com\/avatar\/c5dde3d0454ee94d55e3da129d1b11d4?s=96&d=mm&r=g","caption":"Redakcia"},"sameAs":["winsider.sk"],"url":"https:\/\/winsider.sk\/index.php\/author\/editor-winsider\/"}]}},"_links":{"self":[{"href":"https:\/\/winsider.sk\/index.php\/wp-json\/wp\/v2\/posts\/2412"}],"collection":[{"href":"https:\/\/winsider.sk\/index.php\/wp-json\/wp\/v2\/posts"}],"about":[{"href":"https:\/\/winsider.sk\/index.php\/wp-json\/wp\/v2\/types\/post"}],"author":[{"embeddable":true,"href":"https:\/\/winsider.sk\/index.php\/wp-json\/wp\/v2\/users\/6"}],"replies":[{"embeddable":true,"href":"https:\/\/winsider.sk\/index.php\/wp-json\/wp\/v2\/comments?post=2412"}],"version-history":[{"count":4,"href":"https:\/\/winsider.sk\/index.php\/wp-json\/wp\/v2\/posts\/2412\/revisions"}],"predecessor-version":[{"id":2420,"href":"https:\/\/winsider.sk\/index.php\/wp-json\/wp\/v2\/posts\/2412\/revisions\/2420"}],"wp:featuredmedia":[{"embeddable":true,"href":"https:\/\/winsider.sk\/index.php\/wp-json\/wp\/v2\/media\/2416"}],"wp:attachment":[{"href":"https:\/\/winsider.sk\/index.php\/wp-json\/wp\/v2\/media?parent=2412"}],"wp:term":[{"taxonomy":"category","embeddable":true,"href":"https:\/\/winsider.sk\/index.php\/wp-json\/wp\/v2\/categories?post=2412"},{"taxonomy":"post_tag","embeddable":true,"href":"https:\/\/winsider.sk\/index.php\/wp-json\/wp\/v2\/tags?post=2412"}],"curies":[{"name":"wp","href":"https:\/\/api.w.org\/{rel}","templated":true}]}}